{"id":2654,"date":"2025-07-09T18:29:40","date_gmt":"2025-07-09T18:29:40","guid":{"rendered":"https:\/\/www.visitbenavente.pt\/passeios-comvida-2025-xxviii-encontro-concelhio-senior-lunch\/"},"modified":"2025-09-15T16:01:39","modified_gmt":"2025-09-15T16:01:39","slug":"passeios-comvida-2025-xxviii-encontro-concelhio-senior-lunch","status":"publish","type":"post","link":"https:\/\/www.visitbenavente.pt\/en\/passeios-comvida-2025-xxviii-encontro-concelhio-senior-lunch\/","title":{"rendered":"Passeios ComVida 2025 | XXVIII Encontro Concelhio Senior Lunch"},"content":{"rendered":"\t\t<div data-elementor-type=\"wp-post\" data-elementor-id=\"2654\" class=\"elementor elementor-2654 elementor-2583\" data-elementor-post-type=\"post\">\n\t\t\t\t<div class=\"elementor-element elementor-element-842f06f e-flex e-con-boxed e-con e-parent\" data-id=\"842f06f\" data-element_type=\"container\" data-e-type=\"container\">\n\t\t\t\t\t<div class=\"e-con-inner\">\n\t\t\t\t<div class=\"elementor-element elementor-element-b43b961 elementor-widget elementor-widget-text-editor\" data-id=\"b43b961\" data-element_type=\"widget\" data-e-type=\"widget\" data-widget_type=\"text-editor.default\">\n\t\t\t\t<div class=\"elementor-widget-container\">\n\t\t\t\t\t\t\t\t\t<p>The <strong>ComVida Walks<\/strong> are an initiative of the Benavente Municipality and the Parish Councils, and are aimed at all retired people, pensioners and elderly residents, with the aim of counteracting the sedentary lifestyle and social isolation of our municipality&#8217;s senior citizens.<\/p><p>The initiative was <strong>presented<\/strong> throughout the municipality today.<\/p><p><b style=\"font-size: 1rem\">The XXVIII Encontro Concelhio Almo\u00e7o Conv\u00edvio S\u00e9nior 2025 will be held on August 28th.<\/b><\/p><p><b>Registration from July 9 at the Parish Councils.<\/b><\/p>\t\t\t\t\t\t\t\t<\/div>\n\t\t\t\t<\/div>\n\t\t\t\t\t<\/div>\n\t\t\t\t<\/div>\n\t\t<div class=\"elementor-element elementor-element-b920994 e-flex e-con-boxed e-con e-parent\" data-id=\"b920994\" data-element_type=\"container\" data-e-type=\"container\">\n\t\t\t\t\t<div class=\"e-con-inner\">\n\t\t\t\t<div class=\"elementor-element elementor-element-d3a9935 elementor-widget elementor-widget-image-gallery\" data-id=\"d3a9935\" data-element_type=\"widget\" data-e-type=\"widget\" data-widget_type=\"image-gallery.default\">\n\t\t\t\t<div class=\"elementor-widget-container\">\n\t\t\t\t\t\t\t<div class=\"elementor-image-gallery\">\n\t\t\t<div id='gallery-1' class='gallery galleryid-2654 gallery-columns-4 gallery-size-thumbnail'><figure class='gallery-item'>\n\t\t\t<div class='gallery-icon landscape'>\n\t\t\t\t<a data-elementor-open-lightbox=\"yes\" data-elementor-lightbox-slideshow=\"d3a9935\" data-elementor-lightbox-title=\"CRIATIVO almo\u00e7o s\u00e9nior\" data-e-action-hash=\"#elementor-action%3Aaction%3Dlightbox%26settings%3DeyJpZCI6MjU4OCwidXJsIjoiaHR0cHM6XC9cL3d3dy52aXNpdGJlbmF2ZW50ZS5wdFwvd3AtY29udGVudFwvdXBsb2Fkc1wvMjAyNVwvMDdcL0NSSUFUSVZPLWFsbW9jby1zZW5pb3IucG5nIiwic2xpZGVzaG93IjoiZDNhOTkzNSJ9\" href='https:\/\/www.visitbenavente.pt\/wp-content\/uploads\/2025\/07\/CRIATIVO-almoco-senior.png'><img decoding=\"async\" width=\"150\" height=\"150\" src=\"https:\/\/www.visitbenavente.pt\/wp-content\/uploads\/2025\/07\/CRIATIVO-almoco-senior-150x150.png\" class=\"attachment-thumbnail size-thumbnail\" alt=\"\" srcset=\"https:\/\/www.visitbenavente.pt\/wp-content\/uploads\/2025\/07\/CRIATIVO-almoco-senior-150x150.png 150w, https:\/\/www.visitbenavente.pt\/wp-content\/uploads\/2025\/07\/CRIATIVO-almoco-senior-300x300.png 300w, https:\/\/www.visitbenavente.pt\/wp-content\/uploads\/2025\/07\/CRIATIVO-almoco-senior-1024x1024.png 1024w, https:\/\/www.visitbenavente.pt\/wp-content\/uploads\/2025\/07\/CRIATIVO-almoco-senior-768x768.png 768w, https:\/\/www.visitbenavente.pt\/wp-content\/uploads\/2025\/07\/CRIATIVO-almoco-senior.png 1080w\" sizes=\"(max-width: 150px) 100vw, 150px\" \/><\/a>\n\t\t\t<\/div><\/figure><figure class='gallery-item'>\n\t\t\t<div class='gallery-icon landscape'>\n\t\t\t\t<a data-elementor-open-lightbox=\"yes\" data-elementor-lightbox-slideshow=\"d3a9935\" data-elementor-lightbox-title=\"datas passeios por freguesia\" data-e-action-hash=\"#elementor-action%3Aaction%3Dlightbox%26settings%3DeyJpZCI6MjU5MCwidXJsIjoiaHR0cHM6XC9cL3d3dy52aXNpdGJlbmF2ZW50ZS5wdFwvd3AtY29udGVudFwvdXBsb2Fkc1wvMjAyNVwvMDdcL2RhdGFzLXBhc3NlaW9zLXBvci1mcmVndWVzaWEucG5nIiwic2xpZGVzaG93IjoiZDNhOTkzNSJ9\" href='https:\/\/www.visitbenavente.pt\/wp-content\/uploads\/2025\/07\/datas-passeios-por-freguesia.png'><img decoding=\"async\" width=\"150\" height=\"150\" src=\"https:\/\/www.visitbenavente.pt\/wp-content\/uploads\/2025\/07\/datas-passeios-por-freguesia-150x150.png\" class=\"attachment-thumbnail size-thumbnail\" alt=\"\" srcset=\"https:\/\/www.visitbenavente.pt\/wp-content\/uploads\/2025\/07\/datas-passeios-por-freguesia-150x150.png 150w, https:\/\/www.visitbenavente.pt\/wp-content\/uploads\/2025\/07\/datas-passeios-por-freguesia-300x300.png 300w, https:\/\/www.visitbenavente.pt\/wp-content\/uploads\/2025\/07\/datas-passeios-por-freguesia-1024x1024.png 1024w, https:\/\/www.visitbenavente.pt\/wp-content\/uploads\/2025\/07\/datas-passeios-por-freguesia-768x768.png 768w, https:\/\/www.visitbenavente.pt\/wp-content\/uploads\/2025\/07\/datas-passeios-por-freguesia.png 1080w\" sizes=\"(max-width: 150px) 100vw, 150px\" \/><\/a>\n\t\t\t<\/div><\/figure><figure class='gallery-item'>\n\t\t\t<div class='gallery-icon landscape'>\n\t\t\t\t<a data-elementor-open-lightbox=\"yes\" data-elementor-lightbox-slideshow=\"d3a9935\" data-elementor-lightbox-title=\"itiner\u00e1rio\" data-e-action-hash=\"#elementor-action%3Aaction%3Dlightbox%26settings%3DeyJpZCI6MjU5MiwidXJsIjoiaHR0cHM6XC9cL3d3dy52aXNpdGJlbmF2ZW50ZS5wdFwvd3AtY29udGVudFwvdXBsb2Fkc1wvMjAyNVwvMDdcL2l0aW5lcmFyaW8ucG5nIiwic2xpZGVzaG93IjoiZDNhOTkzNSJ9\" href='https:\/\/www.visitbenavente.pt\/wp-content\/uploads\/2025\/07\/itinerario.png'><img decoding=\"async\" width=\"150\" height=\"150\" src=\"https:\/\/www.visitbenavente.pt\/wp-content\/uploads\/2025\/07\/itinerario-150x150.png\" class=\"attachment-thumbnail size-thumbnail\" alt=\"\" srcset=\"https:\/\/www.visitbenavente.pt\/wp-content\/uploads\/2025\/07\/itinerario-150x150.png 150w, https:\/\/www.visitbenavente.pt\/wp-content\/uploads\/2025\/07\/itinerario-300x300.png 300w, https:\/\/www.visitbenavente.pt\/wp-content\/uploads\/2025\/07\/itinerario-1024x1024.png 1024w, https:\/\/www.visitbenavente.pt\/wp-content\/uploads\/2025\/07\/itinerario-768x768.png 768w, https:\/\/www.visitbenavente.pt\/wp-content\/uploads\/2025\/07\/itinerario.png 1080w\" sizes=\"(max-width: 150px) 100vw, 150px\" \/><\/a>\n\t\t\t<\/div><\/figure>\n\t\t<\/div>\n\t\t<\/div>\n\t\t\t\t\t\t<\/div>\n\t\t\t\t<\/div>\n\t\t\t\t\t<\/div>\n\t\t\t\t<\/div>\n\t\t\t\t<\/div>\n\t\t","protected":false},"excerpt":{"rendered":"<p>The ComVida Walks are an initiative of the Benavente Municipality and the Parish Councils, and are aimed at all retired people, pensioners and elderly residents, with the aim of counteracting the sedentary lifestyle and social isolation of our municipality&#8217;s senior citizens. The initiative was presented throughout the municipality today. The XXVIII Encontro Concelhio Almo\u00e7o Conv\u00edvio [&hellip;]<\/p>\n","protected":false},"author":5,"featured_media":2657,"comment_status":"open","ping_status":"open","sticky":false,"template":"","format":"standard","meta":{"footnotes":""},"categories":[46],"tags":[28,91,49,70,29,90],"class_list":["post-2654","post","type-post","status-publish","format-standard","has-post-thumbnail","hentry","category-news","tag-benavente-en","tag-benavente-senior-walks","tag-municipality-of-benavente","tag-samora-correia-en","tag-tourism","tag-walks-with-life"],"_links":{"self":[{"href":"https:\/\/www.visitbenavente.pt\/en\/wp-json\/wp\/v2\/posts\/2654","targetHints":{"allow":["GET"]}}],"collection":[{"href":"https:\/\/www.visitbenavente.pt\/en\/wp-json\/wp\/v2\/posts"}],"about":[{"href":"https:\/\/www.visitbenavente.pt\/en\/wp-json\/wp\/v2\/types\/post"}],"author":[{"embeddable":true,"href":"https:\/\/www.visitbenavente.pt\/en\/wp-json\/wp\/v2\/users\/5"}],"replies":[{"embeddable":true,"href":"https:\/\/www.visitbenavente.pt\/en\/wp-json\/wp\/v2\/comments?post=2654"}],"version-history":[{"count":2,"href":"https:\/\/www.visitbenavente.pt\/en\/wp-json\/wp\/v2\/posts\/2654\/revisions"}],"predecessor-version":[{"id":2658,"href":"https:\/\/www.visitbenavente.pt\/en\/wp-json\/wp\/v2\/posts\/2654\/revisions\/2658"}],"wp:featuredmedia":[{"embeddable":true,"href":"https:\/\/www.visitbenavente.pt\/en\/wp-json\/wp\/v2\/media\/2657"}],"wp:attachment":[{"href":"https:\/\/www.visitbenavente.pt\/en\/wp-json\/wp\/v2\/media?parent=2654"}],"wp:term":[{"taxonomy":"category","embeddable":true,"href":"https:\/\/www.visitbenavente.pt\/en\/wp-json\/wp\/v2\/categories?post=2654"},{"taxonomy":"post_tag","embeddable":true,"href":"https:\/\/www.visitbenavente.pt\/en\/wp-json\/wp\/v2\/tags?post=2654"}],"curies":[{"name":"wp","href":"https:\/\/api.w.org\/{rel}","templated":true}]}}