{"id":3113,"date":"2025-10-13T10:21:11","date_gmt":"2025-10-13T10:21:11","guid":{"rendered":"https:\/\/www.visitbenavente.pt\/44th-national-gastronomy-festival-in-santarem\/"},"modified":"2026-01-06T16:32:49","modified_gmt":"2026-01-06T16:32:49","slug":"44th-national-gastronomy-festival-in-santarem","status":"publish","type":"post","link":"https:\/\/www.visitbenavente.pt\/en\/44th-national-gastronomy-festival-in-santarem\/","title":{"rendered":"44th National Gastronomy Festival in Santar\u00e9m"},"content":{"rendered":"\t\t<div data-elementor-type=\"wp-post\" data-elementor-id=\"3113\" class=\"elementor elementor-3113 elementor-2794\" data-elementor-post-type=\"post\">\n\t\t\t\t<div class=\"elementor-element elementor-element-9aa49da e-flex e-con-boxed e-con e-parent\" data-id=\"9aa49da\" data-element_type=\"container\" data-e-type=\"container\">\n\t\t\t\t\t<div class=\"e-con-inner\">\n\t\t\t\t<div class=\"elementor-element elementor-element-07dc75f elementor-widget elementor-widget-text-editor\" data-id=\"07dc75f\" data-element_type=\"widget\" data-e-type=\"widget\" data-widget_type=\"text-editor.default\">\n\t\t\t\t<div class=\"elementor-widget-container\">\n\t\t\t\t\t\t\t\t\t<div class=\"xdj266r x14z9mp xat24cr x1lziwak x1vvkbs x126k92a\">\n<div dir=\"auto\"><span style=\"font-size: 1rem\">The 44th National Gastronomy Festival will be held at Casa do Campino in Santar\u00e9m from October 16 to 26.<\/span><\/div>\n<div dir=\"auto\"><span style=\"font-size: 1rem\">On the 24th, Benavente&#8217;s Municipal Day, we will be pre<\/span><span style=\"font-size: 1rem\">sent on the CIMLT stand promoting our territory. Come and visit us! <\/span><\/div><div dir=\"auto\"><span style=\"font-size: 1rem\"><br><\/span><\/div>\n<div dir=\"auto\">\n<div dir=\"auto\"><b>Present at the stand:<\/b> Quinta Biol\u00f3gica de Santo Est\u00eav\u00e3o, APIRIBA,&nbsp;<span style=\"font-size: 1rem\">Globalsweet and Doces da Nat\u00e1lia<\/span>.<\/div>\n<div dir=\"auto\">&nbsp;<\/div>\n<div dir=\"auto\"><b>Program:<\/b><\/div>\n<div dir=\"auto\">12h00\/00h00 &#8211; Disclosure and Promotion of the Municipality&#8217;s Tourist Offer and Regional Products<\/div>\n<div dir=\"auto\">14h00 &#8211; Sweets from the restaurants participating in the Project to Enhance the Value of Lez\u00edrias Ribatejanas Carolino Rice<\/div>\n<div dir=\"auto\">19h30 &#8211; &#8220;Carolino Doce&#8221; from the traditional to the contemporary &#8211; Showcooking Space<\/div>\n<div dir=\"auto\">21h30 &#8211; Sweets from the restaurants participating in the Lez\u00edrias Ribatejanas Carolino Rice Enhancement Project<\/div>\n<div dir=\"auto\"><br><\/div><div dir=\"auto\"><br><\/div>\n<div dir=\"auto\">Hours: 12 noon to midnight<\/div>\n<\/div>\n<\/div>\t\t\t\t\t\t\t\t<\/div>\n\t\t\t\t<\/div>\n\t\t\t\t<div class=\"elementor-element elementor-element-d01ccbe elementor-widget elementor-widget-gallery\" data-id=\"d01ccbe\" data-element_type=\"widget\" data-e-type=\"widget\" data-settings=\"{&quot;lazyload&quot;:&quot;yes&quot;,&quot;gallery_layout&quot;:&quot;grid&quot;,&quot;columns&quot;:4,&quot;columns_tablet&quot;:2,&quot;columns_mobile&quot;:1,&quot;gap&quot;:{&quot;unit&quot;:&quot;px&quot;,&quot;size&quot;:10,&quot;sizes&quot;:[]},&quot;gap_widescreen&quot;:{&quot;unit&quot;:&quot;px&quot;,&quot;size&quot;:&quot;&quot;,&quot;sizes&quot;:[]},&quot;gap_laptop&quot;:{&quot;unit&quot;:&quot;px&quot;,&quot;size&quot;:10,&quot;sizes&quot;:[]},&quot;gap_tablet_extra&quot;:{&quot;unit&quot;:&quot;px&quot;,&quot;size&quot;:10,&quot;sizes&quot;:[]},&quot;gap_tablet&quot;:{&quot;unit&quot;:&quot;px&quot;,&quot;size&quot;:10,&quot;sizes&quot;:[]},&quot;gap_mobile_extra&quot;:{&quot;unit&quot;:&quot;px&quot;,&quot;size&quot;:10,&quot;sizes&quot;:[]},&quot;gap_mobile&quot;:{&quot;unit&quot;:&quot;px&quot;,&quot;size&quot;:10,&quot;sizes&quot;:[]},&quot;link_to&quot;:&quot;file&quot;,&quot;aspect_ratio&quot;:&quot;3:2&quot;,&quot;overlay_background&quot;:&quot;yes&quot;,&quot;content_hover_animation&quot;:&quot;fade-in&quot;}\" data-widget_type=\"gallery.default\">\n\t\t\t\t<div class=\"elementor-widget-container\">\n\t\t\t\t\t\t\t<div class=\"elementor-gallery__container\">\n\t\t\t\t\t\t\t<a class=\"e-gallery-item elementor-gallery-item elementor-animated-content\" href=\"https:\/\/www.visitbenavente.pt\/wp-content\/uploads\/2025\/10\/DOCARIA-RESTAURANTES-ADERENTES.png\" data-elementor-open-lightbox=\"yes\" data-elementor-lightbox-slideshow=\"d01ccbe\" data-elementor-lightbox-title=\"DO\u00c7ARIA RESTAURANTES ADERENTES\" data-e-action-hash=\"#elementor-action%3Aaction%3Dlightbox%26settings%3DeyJpZCI6MjgwNywidXJsIjoiaHR0cHM6XC9cL3d3dy52aXNpdGJlbmF2ZW50ZS5wdFwvd3AtY29udGVudFwvdXBsb2Fkc1wvMjAyNVwvMTBcL0RPQ0FSSUEtUkVTVEFVUkFOVEVTLUFERVJFTlRFUy5wbmciLCJzbGlkZXNob3ciOiJkMDFjY2JlIn0%3D\">\n\t\t\t\t\t<div class=\"e-gallery-image elementor-gallery-item__image\" data-thumbnail=\"https:\/\/www.visitbenavente.pt\/wp-content\/uploads\/2025\/10\/DOCARIA-RESTAURANTES-ADERENTES-300x300.png\" data-width=\"300\" data-height=\"300\" aria-label=\"\" role=\"img\" ><\/div>\n\t\t\t\t\t\t\t\t\t\t\t<div class=\"elementor-gallery-item__overlay\"><\/div>\n\t\t\t\t\t\t\t\t\t\t\t\t\t\t<\/a>\n\t\t\t\t\t\t\t<a class=\"e-gallery-item elementor-gallery-item elementor-animated-content\" href=\"https:\/\/www.visitbenavente.pt\/wp-content\/uploads\/2025\/10\/GERAL.png\" data-elementor-open-lightbox=\"yes\" data-elementor-lightbox-slideshow=\"d01ccbe\" data-elementor-lightbox-title=\"GERAL\" data-e-action-hash=\"#elementor-action%3Aaction%3Dlightbox%26settings%3DeyJpZCI6MjgwOSwidXJsIjoiaHR0cHM6XC9cL3d3dy52aXNpdGJlbmF2ZW50ZS5wdFwvd3AtY29udGVudFwvdXBsb2Fkc1wvMjAyNVwvMTBcL0dFUkFMLnBuZyIsInNsaWRlc2hvdyI6ImQwMWNjYmUifQ%3D%3D\">\n\t\t\t\t\t<div class=\"e-gallery-image elementor-gallery-item__image\" data-thumbnail=\"https:\/\/www.visitbenavente.pt\/wp-content\/uploads\/2025\/10\/GERAL-300x300.png\" data-width=\"300\" data-height=\"300\" aria-label=\"\" role=\"img\" ><\/div>\n\t\t\t\t\t\t\t\t\t\t\t<div class=\"elementor-gallery-item__overlay\"><\/div>\n\t\t\t\t\t\t\t\t\t\t\t\t\t\t<\/a>\n\t\t\t\t\t\t\t<a class=\"e-gallery-item elementor-gallery-item elementor-animated-content\" href=\"https:\/\/www.visitbenavente.pt\/wp-content\/uploads\/2025\/10\/QUINTA-BIOLOGICA-SANTO-ESTEVAO.png\" data-elementor-open-lightbox=\"yes\" data-elementor-lightbox-slideshow=\"d01ccbe\" data-elementor-lightbox-title=\"QUINTA BIOL\u00d3GICA SANTO EST\u00caV\u00c3O\" data-e-action-hash=\"#elementor-action%3Aaction%3Dlightbox%26settings%3DeyJpZCI6MjgxNSwidXJsIjoiaHR0cHM6XC9cL3d3dy52aXNpdGJlbmF2ZW50ZS5wdFwvd3AtY29udGVudFwvdXBsb2Fkc1wvMjAyNVwvMTBcL1FVSU5UQS1CSU9MT0dJQ0EtU0FOVE8tRVNURVZBTy5wbmciLCJzbGlkZXNob3ciOiJkMDFjY2JlIn0%3D\">\n\t\t\t\t\t<div class=\"e-gallery-image elementor-gallery-item__image\" data-thumbnail=\"https:\/\/www.visitbenavente.pt\/wp-content\/uploads\/2025\/10\/QUINTA-BIOLOGICA-SANTO-ESTEVAO-300x300.png\" data-width=\"300\" data-height=\"300\" aria-label=\"\" role=\"img\" ><\/div>\n\t\t\t\t\t\t\t\t\t\t\t<div class=\"elementor-gallery-item__overlay\"><\/div>\n\t\t\t\t\t\t\t\t\t\t\t\t\t\t<\/a>\n\t\t\t\t\t\t\t<a class=\"e-gallery-item elementor-gallery-item elementor-animated-content\" href=\"https:\/\/www.visitbenavente.pt\/wp-content\/uploads\/2025\/10\/APIRIBAGLOBAL-SWEET.png\" data-elementor-open-lightbox=\"yes\" data-elementor-lightbox-slideshow=\"d01ccbe\" data-elementor-lightbox-title=\"APIRIBA+GLOBAL SWEET\" data-e-action-hash=\"#elementor-action%3Aaction%3Dlightbox%26settings%3DeyJpZCI6MjgxMSwidXJsIjoiaHR0cHM6XC9cL3d3dy52aXNpdGJlbmF2ZW50ZS5wdFwvd3AtY29udGVudFwvdXBsb2Fkc1wvMjAyNVwvMTBcL0FQSVJJQkFHTE9CQUwtU1dFRVQucG5nIiwic2xpZGVzaG93IjoiZDAxY2NiZSJ9\">\n\t\t\t\t\t<div class=\"e-gallery-image elementor-gallery-item__image\" data-thumbnail=\"https:\/\/www.visitbenavente.pt\/wp-content\/uploads\/2025\/10\/APIRIBAGLOBAL-SWEET-300x300.png\" data-width=\"300\" data-height=\"300\" aria-label=\"\" role=\"img\" ><\/div>\n\t\t\t\t\t\t\t\t\t\t\t<div class=\"elementor-gallery-item__overlay\"><\/div>\n\t\t\t\t\t\t\t\t\t\t\t\t\t\t<\/a>\n\t\t\t\t\t\t\t<a class=\"e-gallery-item elementor-gallery-item elementor-animated-content\" href=\"https:\/\/www.visitbenavente.pt\/wp-content\/uploads\/2025\/10\/DOCES-DA-NATALIA.png\" data-elementor-open-lightbox=\"yes\" data-elementor-lightbox-slideshow=\"d01ccbe\" data-elementor-lightbox-title=\"DOCES DA NAT\u00c1LIA\" data-e-action-hash=\"#elementor-action%3Aaction%3Dlightbox%26settings%3DeyJpZCI6MjgxMywidXJsIjoiaHR0cHM6XC9cL3d3dy52aXNpdGJlbmF2ZW50ZS5wdFwvd3AtY29udGVudFwvdXBsb2Fkc1wvMjAyNVwvMTBcL0RPQ0VTLURBLU5BVEFMSUEucG5nIiwic2xpZGVzaG93IjoiZDAxY2NiZSJ9\">\n\t\t\t\t\t<div class=\"e-gallery-image elementor-gallery-item__image\" data-thumbnail=\"https:\/\/www.visitbenavente.pt\/wp-content\/uploads\/2025\/10\/DOCES-DA-NATALIA-300x300.png\" data-width=\"300\" data-height=\"300\" aria-label=\"\" role=\"img\" ><\/div>\n\t\t\t\t\t\t\t\t\t\t\t<div class=\"elementor-gallery-item__overlay\"><\/div>\n\t\t\t\t\t\t\t\t\t\t\t\t\t\t<\/a>\n\t\t\t\t\t<\/div>\n\t\t\t\t\t<\/div>\n\t\t\t\t<\/div>\n\t\t\t\t\t<\/div>\n\t\t\t\t<\/div>\n\t\t\t\t<\/div>\n\t\t","protected":false},"excerpt":{"rendered":"<p>The 44th National Gastronomy Festival will be held at Casa do Campino in Santar\u00e9m from October 16 to 26. On the 24th, Benavente&#8217;s Municipal Day, we will be present on the CIMLT stand promoting our territory. Come and visit us! Present at the stand: Quinta Biol\u00f3gica de Santo Est\u00eav\u00e3o, APIRIBA,&nbsp;Globalsweet and Doces da Nat\u00e1lia. &nbsp; [&hellip;]<\/p>\n","protected":false},"author":5,"featured_media":2796,"comment_status":"open","ping_status":"open","sticky":false,"template":"","format":"standard","meta":{"footnotes":""},"categories":[46],"tags":[108,28,107,49,70,106,29],"class_list":["post-3113","post","type-post","status-publish","format-standard","has-post-thumbnail","hentry","category-news","tag-barrosa","tag-benavente-en","tag-gastronomy-of-benavente","tag-municipality-of-benavente","tag-samora-correia-en","tag-santarem-gastronomy-festival","tag-tourism"],"_links":{"self":[{"href":"https:\/\/www.visitbenavente.pt\/en\/wp-json\/wp\/v2\/posts\/3113","targetHints":{"allow":["GET"]}}],"collection":[{"href":"https:\/\/www.visitbenavente.pt\/en\/wp-json\/wp\/v2\/posts"}],"about":[{"href":"https:\/\/www.visitbenavente.pt\/en\/wp-json\/wp\/v2\/types\/post"}],"author":[{"embeddable":true,"href":"https:\/\/www.visitbenavente.pt\/en\/wp-json\/wp\/v2\/users\/5"}],"replies":[{"embeddable":true,"href":"https:\/\/www.visitbenavente.pt\/en\/wp-json\/wp\/v2\/comments?post=3113"}],"version-history":[{"count":1,"href":"https:\/\/www.visitbenavente.pt\/en\/wp-json\/wp\/v2\/posts\/3113\/revisions"}],"predecessor-version":[{"id":3114,"href":"https:\/\/www.visitbenavente.pt\/en\/wp-json\/wp\/v2\/posts\/3113\/revisions\/3114"}],"wp:featuredmedia":[{"embeddable":true,"href":"https:\/\/www.visitbenavente.pt\/en\/wp-json\/wp\/v2\/media\/2796"}],"wp:attachment":[{"href":"https:\/\/www.visitbenavente.pt\/en\/wp-json\/wp\/v2\/media?parent=3113"}],"wp:term":[{"taxonomy":"category","embeddable":true,"href":"https:\/\/www.visitbenavente.pt\/en\/wp-json\/wp\/v2\/categories?post=3113"},{"taxonomy":"post_tag","embeddable":true,"href":"https:\/\/www.visitbenavente.pt\/en\/wp-json\/wp\/v2\/tags?post=3113"}],"curies":[{"name":"wp","href":"https:\/\/api.w.org\/{rel}","templated":true}]}}