{"id":3117,"date":"2025-10-28T16:38:11","date_gmt":"2025-10-28T16:38:11","guid":{"rendered":"https:\/\/www.visitbenavente.pt\/benavente-municipalitys-strong-presence-at-the-44th-national-gastronomy-festival-in-santarem\/"},"modified":"2026-01-06T16:34:30","modified_gmt":"2026-01-06T16:34:30","slug":"benavente-municipalitys-strong-presence-at-the-44th-national-gastronomy-festival-in-santarem","status":"publish","type":"post","link":"https:\/\/www.visitbenavente.pt\/en\/benavente-municipalitys-strong-presence-at-the-44th-national-gastronomy-festival-in-santarem\/","title":{"rendered":"Benavente Municipality&#8217;s strong presence at the 44th National Gastronomy Festival in Santar\u00e9m"},"content":{"rendered":"\t\t<div data-elementor-type=\"wp-post\" data-elementor-id=\"3117\" class=\"elementor elementor-3117 elementor-2865\" data-elementor-post-type=\"post\">\n\t\t\t\t<div class=\"elementor-element elementor-element-27d9755 e-flex e-con-boxed e-con e-parent\" data-id=\"27d9755\" data-element_type=\"container\" data-e-type=\"container\">\n\t\t\t\t\t<div class=\"e-con-inner\">\n\t\t\t\t<div class=\"elementor-element elementor-element-a3fe454 elementor-widget elementor-widget-text-editor\" data-id=\"a3fe454\" data-element_type=\"widget\" data-e-type=\"widget\" data-widget_type=\"text-editor.default\">\n\t\t\t\t<div class=\"elementor-widget-container\">\n\t\t\t\t\t\t\t\t\t<p><strong>Benavente&#8217;s Municipal Day<\/strong>, celebrated at the <strong>National Gastronomy Festival in Santar\u00e9m<\/strong>, was a real success. The participation stood out for its energy, flavor and Ribatejo pride. The moment of live cooking with <strong>Chef Eduardo Duarte<\/strong>, who made a delicious rice pudding with carolino from the Ribatejo lez\u00edrias, delighted the audience, combining tradition and gastronomic innovation.  <\/p><p>The <strong>Disclosure and Promotion of the Tourist Offer and Regional Products<\/strong> area featured Quinta Biol\u00f3gica de Santo Est\u00eav\u00e3o, Doces da Nat\u00e1lia and Apiriba\/Global Sweet, as well as the Turismo Benavente stand, where you could taste irresistible sweets made with our carolino.<\/p><p>This participation reinforced the strong identity and quality of the municipality, promoting the best of Benavente&#8217;s gastronomy, local products and spirit.<\/p>\t\t\t\t\t\t\t\t<\/div>\n\t\t\t\t<\/div>\n\t\t\t\t<div class=\"elementor-element elementor-element-ee40090 elementor-widget elementor-widget-gallery\" data-id=\"ee40090\" data-element_type=\"widget\" data-e-type=\"widget\" data-settings=\"{&quot;lazyload&quot;:&quot;yes&quot;,&quot;gallery_layout&quot;:&quot;grid&quot;,&quot;columns&quot;:4,&quot;columns_tablet&quot;:2,&quot;columns_mobile&quot;:1,&quot;gap&quot;:{&quot;unit&quot;:&quot;px&quot;,&quot;size&quot;:10,&quot;sizes&quot;:[]},&quot;gap_widescreen&quot;:{&quot;unit&quot;:&quot;px&quot;,&quot;size&quot;:&quot;&quot;,&quot;sizes&quot;:[]},&quot;gap_laptop&quot;:{&quot;unit&quot;:&quot;px&quot;,&quot;size&quot;:10,&quot;sizes&quot;:[]},&quot;gap_tablet_extra&quot;:{&quot;unit&quot;:&quot;px&quot;,&quot;size&quot;:10,&quot;sizes&quot;:[]},&quot;gap_tablet&quot;:{&quot;unit&quot;:&quot;px&quot;,&quot;size&quot;:10,&quot;sizes&quot;:[]},&quot;gap_mobile_extra&quot;:{&quot;unit&quot;:&quot;px&quot;,&quot;size&quot;:10,&quot;sizes&quot;:[]},&quot;gap_mobile&quot;:{&quot;unit&quot;:&quot;px&quot;,&quot;size&quot;:10,&quot;sizes&quot;:[]},&quot;link_to&quot;:&quot;file&quot;,&quot;aspect_ratio&quot;:&quot;3:2&quot;,&quot;overlay_background&quot;:&quot;yes&quot;,&quot;content_hover_animation&quot;:&quot;fade-in&quot;}\" data-widget_type=\"gallery.default\">\n\t\t\t\t<div class=\"elementor-widget-container\">\n\t\t\t\t\t\t\t<div class=\"elementor-gallery__container\">\n\t\t\t\t\t\t\t<a class=\"e-gallery-item elementor-gallery-item elementor-animated-content\" href=\"https:\/\/www.visitbenavente.pt\/wp-content\/uploads\/2025\/10\/dia-municipio-benavente-festival-gastronomia-santarem-56-scaled-1.webp\" data-elementor-open-lightbox=\"yes\" data-elementor-lightbox-slideshow=\"ee40090\" data-elementor-lightbox-title=\"dia-municipio-benavente-festival-gastronomia-santarem-56-scaled\" data-e-action-hash=\"#elementor-action%3Aaction%3Dlightbox%26settings%3DeyJpZCI6Mjk1NiwidXJsIjoiaHR0cHM6XC9cL3d3dy52aXNpdGJlbmF2ZW50ZS5wdFwvd3AtY29udGVudFwvdXBsb2Fkc1wvMjAyNVwvMTBcL2RpYS1tdW5pY2lwaW8tYmVuYXZlbnRlLWZlc3RpdmFsLWdhc3Ryb25vbWlhLXNhbnRhcmVtLTU2LXNjYWxlZC0xLndlYnAiLCJzbGlkZXNob3ciOiJlZTQwMDkwIn0%3D\">\n\t\t\t\t\t<div class=\"e-gallery-image elementor-gallery-item__image\" data-thumbnail=\"https:\/\/www.visitbenavente.pt\/wp-content\/uploads\/2025\/10\/dia-municipio-benavente-festival-gastronomia-santarem-56-scaled-1-300x189.webp\" data-width=\"300\" data-height=\"189\" aria-label=\"\" role=\"img\" ><\/div>\n\t\t\t\t\t\t\t\t\t\t\t<div class=\"elementor-gallery-item__overlay\"><\/div>\n\t\t\t\t\t\t\t\t\t\t\t\t\t\t<\/a>\n\t\t\t\t\t\t\t<a class=\"e-gallery-item elementor-gallery-item elementor-animated-content\" href=\"https:\/\/www.visitbenavente.pt\/wp-content\/uploads\/2025\/10\/dia-municipio-benavente-festival-gastronomia-santarem-54-scaled-1.webp\" data-elementor-open-lightbox=\"yes\" data-elementor-lightbox-slideshow=\"ee40090\" data-elementor-lightbox-title=\"dia-municipio-benavente-festival-gastronomia-santarem-54-scaled\" data-e-action-hash=\"#elementor-action%3Aaction%3Dlightbox%26settings%3DeyJpZCI6Mjk1NCwidXJsIjoiaHR0cHM6XC9cL3d3dy52aXNpdGJlbmF2ZW50ZS5wdFwvd3AtY29udGVudFwvdXBsb2Fkc1wvMjAyNVwvMTBcL2RpYS1tdW5pY2lwaW8tYmVuYXZlbnRlLWZlc3RpdmFsLWdhc3Ryb25vbWlhLXNhbnRhcmVtLTU0LXNjYWxlZC0xLndlYnAiLCJzbGlkZXNob3ciOiJlZTQwMDkwIn0%3D\">\n\t\t\t\t\t<div class=\"e-gallery-image elementor-gallery-item__image\" data-thumbnail=\"https:\/\/www.visitbenavente.pt\/wp-content\/uploads\/2025\/10\/dia-municipio-benavente-festival-gastronomia-santarem-54-scaled-1-300x200.webp\" data-width=\"300\" data-height=\"200\" aria-label=\"\" role=\"img\" ><\/div>\n\t\t\t\t\t\t\t\t\t\t\t<div class=\"elementor-gallery-item__overlay\"><\/div>\n\t\t\t\t\t\t\t\t\t\t\t\t\t\t<\/a>\n\t\t\t\t\t\t\t<a class=\"e-gallery-item elementor-gallery-item elementor-animated-content\" href=\"https:\/\/www.visitbenavente.pt\/wp-content\/uploads\/2025\/10\/dia-municipio-benavente-festival-gastronomia-santarem-52-scaled-1.webp\" data-elementor-open-lightbox=\"yes\" data-elementor-lightbox-slideshow=\"ee40090\" data-elementor-lightbox-title=\"dia-municipio-benavente-festival-gastronomia-santarem-52-scaled\" data-e-action-hash=\"#elementor-action%3Aaction%3Dlightbox%26settings%3DeyJpZCI6Mjk1MiwidXJsIjoiaHR0cHM6XC9cL3d3dy52aXNpdGJlbmF2ZW50ZS5wdFwvd3AtY29udGVudFwvdXBsb2Fkc1wvMjAyNVwvMTBcL2RpYS1tdW5pY2lwaW8tYmVuYXZlbnRlLWZlc3RpdmFsLWdhc3Ryb25vbWlhLXNhbnRhcmVtLTUyLXNjYWxlZC0xLndlYnAiLCJzbGlkZXNob3ciOiJlZTQwMDkwIn0%3D\">\n\t\t\t\t\t<div class=\"e-gallery-image elementor-gallery-item__image\" data-thumbnail=\"https:\/\/www.visitbenavente.pt\/wp-content\/uploads\/2025\/10\/dia-municipio-benavente-festival-gastronomia-santarem-52-scaled-1-300x160.webp\" data-width=\"300\" data-height=\"160\" aria-label=\"\" role=\"img\" ><\/div>\n\t\t\t\t\t\t\t\t\t\t\t<div class=\"elementor-gallery-item__overlay\"><\/div>\n\t\t\t\t\t\t\t\t\t\t\t\t\t\t<\/a>\n\t\t\t\t\t\t\t<a class=\"e-gallery-item elementor-gallery-item elementor-animated-content\" href=\"https:\/\/www.visitbenavente.pt\/wp-content\/uploads\/2025\/10\/dia-municipio-benavente-festival-gastronomia-santarem-51-scaled-1.jpg\" data-elementor-open-lightbox=\"yes\" data-elementor-lightbox-slideshow=\"ee40090\" data-elementor-lightbox-title=\"dia-municipio-benavente-festival-gastronomia-santarem-51-scaled\" data-e-action-hash=\"#elementor-action%3Aaction%3Dlightbox%26settings%3DeyJpZCI6Mjk1MCwidXJsIjoiaHR0cHM6XC9cL3d3dy52aXNpdGJlbmF2ZW50ZS5wdFwvd3AtY29udGVudFwvdXBsb2Fkc1wvMjAyNVwvMTBcL2RpYS1tdW5pY2lwaW8tYmVuYXZlbnRlLWZlc3RpdmFsLWdhc3Ryb25vbWlhLXNhbnRhcmVtLTUxLXNjYWxlZC0xLmpwZyIsInNsaWRlc2hvdyI6ImVlNDAwOTAifQ%3D%3D\">\n\t\t\t\t\t<div class=\"e-gallery-image elementor-gallery-item__image\" data-thumbnail=\"https:\/\/www.visitbenavente.pt\/wp-content\/uploads\/2025\/10\/dia-municipio-benavente-festival-gastronomia-santarem-51-scaled-1-300x184.jpg\" data-width=\"300\" data-height=\"184\" aria-label=\"\" role=\"img\" ><\/div>\n\t\t\t\t\t\t\t\t\t\t\t<div class=\"elementor-gallery-item__overlay\"><\/div>\n\t\t\t\t\t\t\t\t\t\t\t\t\t\t<\/a>\n\t\t\t\t\t\t\t<a class=\"e-gallery-item elementor-gallery-item elementor-animated-content\" href=\"https:\/\/www.visitbenavente.pt\/wp-content\/uploads\/2025\/10\/dia-municipio-benavente-festival-gastronomia-santarem-50-scaled-1.webp\" data-elementor-open-lightbox=\"yes\" data-elementor-lightbox-slideshow=\"ee40090\" data-elementor-lightbox-title=\"dia-municipio-benavente-festival-gastronomia-santarem-50-scaled\" data-e-action-hash=\"#elementor-action%3Aaction%3Dlightbox%26settings%3DeyJpZCI6Mjk0OCwidXJsIjoiaHR0cHM6XC9cL3d3dy52aXNpdGJlbmF2ZW50ZS5wdFwvd3AtY29udGVudFwvdXBsb2Fkc1wvMjAyNVwvMTBcL2RpYS1tdW5pY2lwaW8tYmVuYXZlbnRlLWZlc3RpdmFsLWdhc3Ryb25vbWlhLXNhbnRhcmVtLTUwLXNjYWxlZC0xLndlYnAiLCJzbGlkZXNob3ciOiJlZTQwMDkwIn0%3D\">\n\t\t\t\t\t<div class=\"e-gallery-image elementor-gallery-item__image\" data-thumbnail=\"https:\/\/www.visitbenavente.pt\/wp-content\/uploads\/2025\/10\/dia-municipio-benavente-festival-gastronomia-santarem-50-scaled-1-300x172.webp\" data-width=\"300\" data-height=\"172\" aria-label=\"\" role=\"img\" ><\/div>\n\t\t\t\t\t\t\t\t\t\t\t<div class=\"elementor-gallery-item__overlay\"><\/div>\n\t\t\t\t\t\t\t\t\t\t\t\t\t\t<\/a>\n\t\t\t\t\t\t\t<a class=\"e-gallery-item elementor-gallery-item elementor-animated-content\" href=\"https:\/\/www.visitbenavente.pt\/wp-content\/uploads\/2025\/10\/dia-municipio-benavente-festival-gastronomia-santarem-49-scaled-1.webp\" data-elementor-open-lightbox=\"yes\" data-elementor-lightbox-slideshow=\"ee40090\" data-elementor-lightbox-title=\"dia-municipio-benavente-festival-gastronomia-santarem-49-scaled\" data-e-action-hash=\"#elementor-action%3Aaction%3Dlightbox%26settings%3DeyJpZCI6Mjk0NiwidXJsIjoiaHR0cHM6XC9cL3d3dy52aXNpdGJlbmF2ZW50ZS5wdFwvd3AtY29udGVudFwvdXBsb2Fkc1wvMjAyNVwvMTBcL2RpYS1tdW5pY2lwaW8tYmVuYXZlbnRlLWZlc3RpdmFsLWdhc3Ryb25vbWlhLXNhbnRhcmVtLTQ5LXNjYWxlZC0xLndlYnAiLCJzbGlkZXNob3ciOiJlZTQwMDkwIn0%3D\">\n\t\t\t\t\t<div class=\"e-gallery-image elementor-gallery-item__image\" data-thumbnail=\"https:\/\/www.visitbenavente.pt\/wp-content\/uploads\/2025\/10\/dia-municipio-benavente-festival-gastronomia-santarem-49-scaled-1-300x175.webp\" data-width=\"300\" data-height=\"175\" aria-label=\"\" role=\"img\" ><\/div>\n\t\t\t\t\t\t\t\t\t\t\t<div class=\"elementor-gallery-item__overlay\"><\/div>\n\t\t\t\t\t\t\t\t\t\t\t\t\t\t<\/a>\n\t\t\t\t\t\t\t<a class=\"e-gallery-item elementor-gallery-item elementor-animated-content\" href=\"https:\/\/www.visitbenavente.pt\/wp-content\/uploads\/2025\/10\/dia-municipio-benavente-festival-gastronomia-santarem-47-scaled-1.webp\" data-elementor-open-lightbox=\"yes\" data-elementor-lightbox-slideshow=\"ee40090\" data-elementor-lightbox-title=\"dia-municipio-benavente-festival-gastronomia-santarem-47-scaled\" data-e-action-hash=\"#elementor-action%3Aaction%3Dlightbox%26settings%3DeyJpZCI6Mjk0NCwidXJsIjoiaHR0cHM6XC9cL3d3dy52aXNpdGJlbmF2ZW50ZS5wdFwvd3AtY29udGVudFwvdXBsb2Fkc1wvMjAyNVwvMTBcL2RpYS1tdW5pY2lwaW8tYmVuYXZlbnRlLWZlc3RpdmFsLWdhc3Ryb25vbWlhLXNhbnRhcmVtLTQ3LXNjYWxlZC0xLndlYnAiLCJzbGlkZXNob3ciOiJlZTQwMDkwIn0%3D\">\n\t\t\t\t\t<div class=\"e-gallery-image elementor-gallery-item__image\" data-thumbnail=\"https:\/\/www.visitbenavente.pt\/wp-content\/uploads\/2025\/10\/dia-municipio-benavente-festival-gastronomia-santarem-47-scaled-1-300x183.webp\" data-width=\"300\" data-height=\"183\" aria-label=\"\" role=\"img\" ><\/div>\n\t\t\t\t\t\t\t\t\t\t\t<div class=\"elementor-gallery-item__overlay\"><\/div>\n\t\t\t\t\t\t\t\t\t\t\t\t\t\t<\/a>\n\t\t\t\t\t\t\t<a class=\"e-gallery-item elementor-gallery-item elementor-animated-content\" href=\"https:\/\/www.visitbenavente.pt\/wp-content\/uploads\/2025\/10\/dia-municipio-benavente-festival-gastronomia-santarem-46-scaled-1.webp\" data-elementor-open-lightbox=\"yes\" data-elementor-lightbox-slideshow=\"ee40090\" data-elementor-lightbox-title=\"dia-municipio-benavente-festival-gastronomia-santarem-46-scaled\" data-e-action-hash=\"#elementor-action%3Aaction%3Dlightbox%26settings%3DeyJpZCI6Mjk0MiwidXJsIjoiaHR0cHM6XC9cL3d3dy52aXNpdGJlbmF2ZW50ZS5wdFwvd3AtY29udGVudFwvdXBsb2Fkc1wvMjAyNVwvMTBcL2RpYS1tdW5pY2lwaW8tYmVuYXZlbnRlLWZlc3RpdmFsLWdhc3Ryb25vbWlhLXNhbnRhcmVtLTQ2LXNjYWxlZC0xLndlYnAiLCJzbGlkZXNob3ciOiJlZTQwMDkwIn0%3D\">\n\t\t\t\t\t<div class=\"e-gallery-image elementor-gallery-item__image\" data-thumbnail=\"https:\/\/www.visitbenavente.pt\/wp-content\/uploads\/2025\/10\/dia-municipio-benavente-festival-gastronomia-santarem-46-scaled-1-300x188.webp\" data-width=\"300\" data-height=\"188\" aria-label=\"\" role=\"img\" ><\/div>\n\t\t\t\t\t\t\t\t\t\t\t<div class=\"elementor-gallery-item__overlay\"><\/div>\n\t\t\t\t\t\t\t\t\t\t\t\t\t\t<\/a>\n\t\t\t\t\t\t\t<a class=\"e-gallery-item elementor-gallery-item elementor-animated-content\" href=\"https:\/\/www.visitbenavente.pt\/wp-content\/uploads\/2025\/10\/dia-municipio-benavente-festival-gastronomia-santarem-45-scaled-1.webp\" data-elementor-open-lightbox=\"yes\" data-elementor-lightbox-slideshow=\"ee40090\" data-elementor-lightbox-title=\"dia-municipio-benavente-festival-gastronomia-santarem-45-scaled\" data-e-action-hash=\"#elementor-action%3Aaction%3Dlightbox%26settings%3DeyJpZCI6Mjk0MCwidXJsIjoiaHR0cHM6XC9cL3d3dy52aXNpdGJlbmF2ZW50ZS5wdFwvd3AtY29udGVudFwvdXBsb2Fkc1wvMjAyNVwvMTBcL2RpYS1tdW5pY2lwaW8tYmVuYXZlbnRlLWZlc3RpdmFsLWdhc3Ryb25vbWlhLXNhbnRhcmVtLTQ1LXNjYWxlZC0xLndlYnAiLCJzbGlkZXNob3ciOiJlZTQwMDkwIn0%3D\">\n\t\t\t\t\t<div class=\"e-gallery-image elementor-gallery-item__image\" data-thumbnail=\"https:\/\/www.visitbenavente.pt\/wp-content\/uploads\/2025\/10\/dia-municipio-benavente-festival-gastronomia-santarem-45-scaled-1-300x200.webp\" data-width=\"300\" data-height=\"200\" aria-label=\"\" role=\"img\" ><\/div>\n\t\t\t\t\t\t\t\t\t\t\t<div class=\"elementor-gallery-item__overlay\"><\/div>\n\t\t\t\t\t\t\t\t\t\t\t\t\t\t<\/a>\n\t\t\t\t\t\t\t<a class=\"e-gallery-item elementor-gallery-item elementor-animated-content\" href=\"https:\/\/www.visitbenavente.pt\/wp-content\/uploads\/2025\/10\/dia-municipio-benavente-festival-gastronomia-santarem-30-scaled-1.webp\" data-elementor-open-lightbox=\"yes\" data-elementor-lightbox-slideshow=\"ee40090\" data-elementor-lightbox-title=\"dia-municipio-benavente-festival-gastronomia-santarem-30-scaled\" data-e-action-hash=\"#elementor-action%3Aaction%3Dlightbox%26settings%3DeyJpZCI6MjkyMCwidXJsIjoiaHR0cHM6XC9cL3d3dy52aXNpdGJlbmF2ZW50ZS5wdFwvd3AtY29udGVudFwvdXBsb2Fkc1wvMjAyNVwvMTBcL2RpYS1tdW5pY2lwaW8tYmVuYXZlbnRlLWZlc3RpdmFsLWdhc3Ryb25vbWlhLXNhbnRhcmVtLTMwLXNjYWxlZC0xLndlYnAiLCJzbGlkZXNob3ciOiJlZTQwMDkwIn0%3D\">\n\t\t\t\t\t<div class=\"e-gallery-image elementor-gallery-item__image\" data-thumbnail=\"https:\/\/www.visitbenavente.pt\/wp-content\/uploads\/2025\/10\/dia-municipio-benavente-festival-gastronomia-santarem-30-scaled-1-300x180.webp\" data-width=\"300\" data-height=\"180\" aria-label=\"\" role=\"img\" ><\/div>\n\t\t\t\t\t\t\t\t\t\t\t<div class=\"elementor-gallery-item__overlay\"><\/div>\n\t\t\t\t\t\t\t\t\t\t\t\t\t\t<\/a>\n\t\t\t\t\t\t\t<a class=\"e-gallery-item elementor-gallery-item elementor-animated-content\" href=\"https:\/\/www.visitbenavente.pt\/wp-content\/uploads\/2025\/10\/dia-municipio-benavente-festival-gastronomia-santarem-31-scaled-1.webp\" data-elementor-open-lightbox=\"yes\" data-elementor-lightbox-slideshow=\"ee40090\" data-elementor-lightbox-title=\"dia-municipio-benavente-festival-gastronomia-santarem-31-scaled\" data-e-action-hash=\"#elementor-action%3Aaction%3Dlightbox%26settings%3DeyJpZCI6MjkyMiwidXJsIjoiaHR0cHM6XC9cL3d3dy52aXNpdGJlbmF2ZW50ZS5wdFwvd3AtY29udGVudFwvdXBsb2Fkc1wvMjAyNVwvMTBcL2RpYS1tdW5pY2lwaW8tYmVuYXZlbnRlLWZlc3RpdmFsLWdhc3Ryb25vbWlhLXNhbnRhcmVtLTMxLXNjYWxlZC0xLndlYnAiLCJzbGlkZXNob3ciOiJlZTQwMDkwIn0%3D\">\n\t\t\t\t\t<div class=\"e-gallery-image elementor-gallery-item__image\" data-thumbnail=\"https:\/\/www.visitbenavente.pt\/wp-content\/uploads\/2025\/10\/dia-municipio-benavente-festival-gastronomia-santarem-31-scaled-1-300x161.webp\" data-width=\"300\" data-height=\"161\" aria-label=\"\" role=\"img\" ><\/div>\n\t\t\t\t\t\t\t\t\t\t\t<div class=\"elementor-gallery-item__overlay\"><\/div>\n\t\t\t\t\t\t\t\t\t\t\t\t\t\t<\/a>\n\t\t\t\t\t\t\t<a class=\"e-gallery-item elementor-gallery-item elementor-animated-content\" href=\"https:\/\/www.visitbenavente.pt\/wp-content\/uploads\/2025\/10\/dia-municipio-benavente-festival-gastronomia-santarem-32-scaled-1.webp\" data-elementor-open-lightbox=\"yes\" data-elementor-lightbox-slideshow=\"ee40090\" data-elementor-lightbox-title=\"dia-municipio-benavente-festival-gastronomia-santarem-32-scaled\" data-e-action-hash=\"#elementor-action%3Aaction%3Dlightbox%26settings%3DeyJpZCI6MjkyNCwidXJsIjoiaHR0cHM6XC9cL3d3dy52aXNpdGJlbmF2ZW50ZS5wdFwvd3AtY29udGVudFwvdXBsb2Fkc1wvMjAyNVwvMTBcL2RpYS1tdW5pY2lwaW8tYmVuYXZlbnRlLWZlc3RpdmFsLWdhc3Ryb25vbWlhLXNhbnRhcmVtLTMyLXNjYWxlZC0xLndlYnAiLCJzbGlkZXNob3ciOiJlZTQwMDkwIn0%3D\">\n\t\t\t\t\t<div class=\"e-gallery-image elementor-gallery-item__image\" data-thumbnail=\"https:\/\/www.visitbenavente.pt\/wp-content\/uploads\/2025\/10\/dia-municipio-benavente-festival-gastronomia-santarem-32-scaled-1-300x172.webp\" data-width=\"300\" data-height=\"172\" aria-label=\"\" role=\"img\" ><\/div>\n\t\t\t\t\t\t\t\t\t\t\t<div class=\"elementor-gallery-item__overlay\"><\/div>\n\t\t\t\t\t\t\t\t\t\t\t\t\t\t<\/a>\n\t\t\t\t\t\t\t<a class=\"e-gallery-item elementor-gallery-item elementor-animated-content\" href=\"https:\/\/www.visitbenavente.pt\/wp-content\/uploads\/2025\/10\/dia-municipio-benavente-festival-gastronomia-santarem-33-scaled-1.webp\" data-elementor-open-lightbox=\"yes\" data-elementor-lightbox-slideshow=\"ee40090\" data-elementor-lightbox-title=\"dia-municipio-benavente-festival-gastronomia-santarem-33-scaled\" data-e-action-hash=\"#elementor-action%3Aaction%3Dlightbox%26settings%3DeyJpZCI6MjkyNiwidXJsIjoiaHR0cHM6XC9cL3d3dy52aXNpdGJlbmF2ZW50ZS5wdFwvd3AtY29udGVudFwvdXBsb2Fkc1wvMjAyNVwvMTBcL2RpYS1tdW5pY2lwaW8tYmVuYXZlbnRlLWZlc3RpdmFsLWdhc3Ryb25vbWlhLXNhbnRhcmVtLTMzLXNjYWxlZC0xLndlYnAiLCJzbGlkZXNob3ciOiJlZTQwMDkwIn0%3D\">\n\t\t\t\t\t<div class=\"e-gallery-image elementor-gallery-item__image\" data-thumbnail=\"https:\/\/www.visitbenavente.pt\/wp-content\/uploads\/2025\/10\/dia-municipio-benavente-festival-gastronomia-santarem-33-scaled-1-300x191.webp\" data-width=\"300\" data-height=\"191\" aria-label=\"\" role=\"img\" ><\/div>\n\t\t\t\t\t\t\t\t\t\t\t<div class=\"elementor-gallery-item__overlay\"><\/div>\n\t\t\t\t\t\t\t\t\t\t\t\t\t\t<\/a>\n\t\t\t\t\t\t\t<a class=\"e-gallery-item elementor-gallery-item elementor-animated-content\" href=\"https:\/\/www.visitbenavente.pt\/wp-content\/uploads\/2025\/10\/dia-municipio-benavente-festival-gastronomia-santarem-35-scaled-1.webp\" data-elementor-open-lightbox=\"yes\" data-elementor-lightbox-slideshow=\"ee40090\" data-elementor-lightbox-title=\"dia-municipio-benavente-festival-gastronomia-santarem-35-scaled\" data-e-action-hash=\"#elementor-action%3Aaction%3Dlightbox%26settings%3DeyJpZCI6MjkyOCwidXJsIjoiaHR0cHM6XC9cL3d3dy52aXNpdGJlbmF2ZW50ZS5wdFwvd3AtY29udGVudFwvdXBsb2Fkc1wvMjAyNVwvMTBcL2RpYS1tdW5pY2lwaW8tYmVuYXZlbnRlLWZlc3RpdmFsLWdhc3Ryb25vbWlhLXNhbnRhcmVtLTM1LXNjYWxlZC0xLndlYnAiLCJzbGlkZXNob3ciOiJlZTQwMDkwIn0%3D\">\n\t\t\t\t\t<div class=\"e-gallery-image elementor-gallery-item__image\" data-thumbnail=\"https:\/\/www.visitbenavente.pt\/wp-content\/uploads\/2025\/10\/dia-municipio-benavente-festival-gastronomia-santarem-35-scaled-1-300x191.webp\" data-width=\"300\" data-height=\"191\" aria-label=\"\" role=\"img\" ><\/div>\n\t\t\t\t\t\t\t\t\t\t\t<div class=\"elementor-gallery-item__overlay\"><\/div>\n\t\t\t\t\t\t\t\t\t\t\t\t\t\t<\/a>\n\t\t\t\t\t\t\t<a class=\"e-gallery-item elementor-gallery-item elementor-animated-content\" href=\"https:\/\/www.visitbenavente.pt\/wp-content\/uploads\/2025\/10\/dia-municipio-benavente-festival-gastronomia-santarem-36-scaled-1.webp\" data-elementor-open-lightbox=\"yes\" data-elementor-lightbox-slideshow=\"ee40090\" data-elementor-lightbox-title=\"dia-municipio-benavente-festival-gastronomia-santarem-36-scaled\" data-e-action-hash=\"#elementor-action%3Aaction%3Dlightbox%26settings%3DeyJpZCI6MjkzMCwidXJsIjoiaHR0cHM6XC9cL3d3dy52aXNpdGJlbmF2ZW50ZS5wdFwvd3AtY29udGVudFwvdXBsb2Fkc1wvMjAyNVwvMTBcL2RpYS1tdW5pY2lwaW8tYmVuYXZlbnRlLWZlc3RpdmFsLWdhc3Ryb25vbWlhLXNhbnRhcmVtLTM2LXNjYWxlZC0xLndlYnAiLCJzbGlkZXNob3ciOiJlZTQwMDkwIn0%3D\">\n\t\t\t\t\t<div class=\"e-gallery-image elementor-gallery-item__image\" data-thumbnail=\"https:\/\/www.visitbenavente.pt\/wp-content\/uploads\/2025\/10\/dia-municipio-benavente-festival-gastronomia-santarem-36-scaled-1-300x177.webp\" data-width=\"300\" data-height=\"177\" aria-label=\"\" role=\"img\" ><\/div>\n\t\t\t\t\t\t\t\t\t\t\t<div class=\"elementor-gallery-item__overlay\"><\/div>\n\t\t\t\t\t\t\t\t\t\t\t\t\t\t<\/a>\n\t\t\t\t\t\t\t<a class=\"e-gallery-item elementor-gallery-item elementor-animated-content\" href=\"https:\/\/www.visitbenavente.pt\/wp-content\/uploads\/2025\/10\/dia-municipio-benavente-festival-gastronomia-santarem-37-scaled-1.webp\" data-elementor-open-lightbox=\"yes\" data-elementor-lightbox-slideshow=\"ee40090\" data-elementor-lightbox-title=\"dia-municipio-benavente-festival-gastronomia-santarem-37-scaled\" data-e-action-hash=\"#elementor-action%3Aaction%3Dlightbox%26settings%3DeyJpZCI6MjkzMiwidXJsIjoiaHR0cHM6XC9cL3d3dy52aXNpdGJlbmF2ZW50ZS5wdFwvd3AtY29udGVudFwvdXBsb2Fkc1wvMjAyNVwvMTBcL2RpYS1tdW5pY2lwaW8tYmVuYXZlbnRlLWZlc3RpdmFsLWdhc3Ryb25vbWlhLXNhbnRhcmVtLTM3LXNjYWxlZC0xLndlYnAiLCJzbGlkZXNob3ciOiJlZTQwMDkwIn0%3D\">\n\t\t\t\t\t<div class=\"e-gallery-image elementor-gallery-item__image\" data-thumbnail=\"https:\/\/www.visitbenavente.pt\/wp-content\/uploads\/2025\/10\/dia-municipio-benavente-festival-gastronomia-santarem-37-scaled-1-300x185.webp\" data-width=\"300\" data-height=\"185\" aria-label=\"\" role=\"img\" ><\/div>\n\t\t\t\t\t\t\t\t\t\t\t<div class=\"elementor-gallery-item__overlay\"><\/div>\n\t\t\t\t\t\t\t\t\t\t\t\t\t\t<\/a>\n\t\t\t\t\t\t\t<a class=\"e-gallery-item elementor-gallery-item elementor-animated-content\" href=\"https:\/\/www.visitbenavente.pt\/wp-content\/uploads\/2025\/10\/dia-municipio-benavente-festival-gastronomia-santarem-38-scaled-1.webp\" data-elementor-open-lightbox=\"yes\" data-elementor-lightbox-slideshow=\"ee40090\" data-elementor-lightbox-title=\"dia-municipio-benavente-festival-gastronomia-santarem-38-scaled\" data-e-action-hash=\"#elementor-action%3Aaction%3Dlightbox%26settings%3DeyJpZCI6MjkzNCwidXJsIjoiaHR0cHM6XC9cL3d3dy52aXNpdGJlbmF2ZW50ZS5wdFwvd3AtY29udGVudFwvdXBsb2Fkc1wvMjAyNVwvMTBcL2RpYS1tdW5pY2lwaW8tYmVuYXZlbnRlLWZlc3RpdmFsLWdhc3Ryb25vbWlhLXNhbnRhcmVtLTM4LXNjYWxlZC0xLndlYnAiLCJzbGlkZXNob3ciOiJlZTQwMDkwIn0%3D\">\n\t\t\t\t\t<div class=\"e-gallery-image elementor-gallery-item__image\" data-thumbnail=\"https:\/\/www.visitbenavente.pt\/wp-content\/uploads\/2025\/10\/dia-municipio-benavente-festival-gastronomia-santarem-38-scaled-1-300x174.webp\" data-width=\"300\" data-height=\"174\" aria-label=\"\" role=\"img\" ><\/div>\n\t\t\t\t\t\t\t\t\t\t\t<div class=\"elementor-gallery-item__overlay\"><\/div>\n\t\t\t\t\t\t\t\t\t\t\t\t\t\t<\/a>\n\t\t\t\t\t\t\t<a class=\"e-gallery-item elementor-gallery-item elementor-animated-content\" href=\"https:\/\/www.visitbenavente.pt\/wp-content\/uploads\/2025\/10\/dia-municipio-benavente-festival-gastronomia-santarem-42-scaled-1.webp\" data-elementor-open-lightbox=\"yes\" data-elementor-lightbox-slideshow=\"ee40090\" data-elementor-lightbox-title=\"dia-municipio-benavente-festival-gastronomia-santarem-42-scaled\" data-e-action-hash=\"#elementor-action%3Aaction%3Dlightbox%26settings%3DeyJpZCI6MjkzNiwidXJsIjoiaHR0cHM6XC9cL3d3dy52aXNpdGJlbmF2ZW50ZS5wdFwvd3AtY29udGVudFwvdXBsb2Fkc1wvMjAyNVwvMTBcL2RpYS1tdW5pY2lwaW8tYmVuYXZlbnRlLWZlc3RpdmFsLWdhc3Ryb25vbWlhLXNhbnRhcmVtLTQyLXNjYWxlZC0xLndlYnAiLCJzbGlkZXNob3ciOiJlZTQwMDkwIn0%3D\">\n\t\t\t\t\t<div class=\"e-gallery-image elementor-gallery-item__image\" data-thumbnail=\"https:\/\/www.visitbenavente.pt\/wp-content\/uploads\/2025\/10\/dia-municipio-benavente-festival-gastronomia-santarem-42-scaled-1-300x192.webp\" data-width=\"300\" data-height=\"192\" aria-label=\"\" role=\"img\" ><\/div>\n\t\t\t\t\t\t\t\t\t\t\t<div class=\"elementor-gallery-item__overlay\"><\/div>\n\t\t\t\t\t\t\t\t\t\t\t\t\t\t<\/a>\n\t\t\t\t\t\t\t<a class=\"e-gallery-item elementor-gallery-item elementor-animated-content\" href=\"https:\/\/www.visitbenavente.pt\/wp-content\/uploads\/2025\/10\/dia-municipio-benavente-festival-gastronomia-santarem-43-scaled-1.jpg\" data-elementor-open-lightbox=\"yes\" data-elementor-lightbox-slideshow=\"ee40090\" data-elementor-lightbox-title=\"dia-municipio-benavente-festival-gastronomia-santarem-43-scaled\" data-e-action-hash=\"#elementor-action%3Aaction%3Dlightbox%26settings%3DeyJpZCI6MjkzOCwidXJsIjoiaHR0cHM6XC9cL3d3dy52aXNpdGJlbmF2ZW50ZS5wdFwvd3AtY29udGVudFwvdXBsb2Fkc1wvMjAyNVwvMTBcL2RpYS1tdW5pY2lwaW8tYmVuYXZlbnRlLWZlc3RpdmFsLWdhc3Ryb25vbWlhLXNhbnRhcmVtLTQzLXNjYWxlZC0xLmpwZyIsInNsaWRlc2hvdyI6ImVlNDAwOTAifQ%3D%3D\">\n\t\t\t\t\t<div class=\"e-gallery-image elementor-gallery-item__image\" data-thumbnail=\"https:\/\/www.visitbenavente.pt\/wp-content\/uploads\/2025\/10\/dia-municipio-benavente-festival-gastronomia-santarem-43-scaled-1-300x180.jpg\" data-width=\"300\" data-height=\"180\" aria-label=\"\" role=\"img\" ><\/div>\n\t\t\t\t\t\t\t\t\t\t\t<div class=\"elementor-gallery-item__overlay\"><\/div>\n\t\t\t\t\t\t\t\t\t\t\t\t\t\t<\/a>\n\t\t\t\t\t\t\t<a class=\"e-gallery-item elementor-gallery-item elementor-animated-content\" href=\"https:\/\/www.visitbenavente.pt\/wp-content\/uploads\/2025\/10\/dia-municipio-benavente-festival-gastronomia-santarem-29-scaled-1.webp\" data-elementor-open-lightbox=\"yes\" data-elementor-lightbox-slideshow=\"ee40090\" data-elementor-lightbox-title=\"dia-municipio-benavente-festival-gastronomia-santarem-29-scaled\" data-e-action-hash=\"#elementor-action%3Aaction%3Dlightbox%26settings%3DeyJpZCI6MjkxOCwidXJsIjoiaHR0cHM6XC9cL3d3dy52aXNpdGJlbmF2ZW50ZS5wdFwvd3AtY29udGVudFwvdXBsb2Fkc1wvMjAyNVwvMTBcL2RpYS1tdW5pY2lwaW8tYmVuYXZlbnRlLWZlc3RpdmFsLWdhc3Ryb25vbWlhLXNhbnRhcmVtLTI5LXNjYWxlZC0xLndlYnAiLCJzbGlkZXNob3ciOiJlZTQwMDkwIn0%3D\">\n\t\t\t\t\t<div class=\"e-gallery-image elementor-gallery-item__image\" data-thumbnail=\"https:\/\/www.visitbenavente.pt\/wp-content\/uploads\/2025\/10\/dia-municipio-benavente-festival-gastronomia-santarem-29-scaled-1-300x179.webp\" data-width=\"300\" data-height=\"179\" aria-label=\"\" role=\"img\" ><\/div>\n\t\t\t\t\t\t\t\t\t\t\t<div class=\"elementor-gallery-item__overlay\"><\/div>\n\t\t\t\t\t\t\t\t\t\t\t\t\t\t<\/a>\n\t\t\t\t\t\t\t<a class=\"e-gallery-item elementor-gallery-item elementor-animated-content\" href=\"https:\/\/www.visitbenavente.pt\/wp-content\/uploads\/2025\/10\/dia-municipio-benavente-festival-gastronomia-santarem-11-scaled-2.webp\" data-elementor-open-lightbox=\"yes\" data-elementor-lightbox-slideshow=\"ee40090\" data-elementor-lightbox-title=\"dia-municipio-benavente-festival-gastronomia-santarem-11-scaled\" data-e-action-hash=\"#elementor-action%3Aaction%3Dlightbox%26settings%3DeyJpZCI6Mjg5OCwidXJsIjoiaHR0cHM6XC9cL3d3dy52aXNpdGJlbmF2ZW50ZS5wdFwvd3AtY29udGVudFwvdXBsb2Fkc1wvMjAyNVwvMTBcL2RpYS1tdW5pY2lwaW8tYmVuYXZlbnRlLWZlc3RpdmFsLWdhc3Ryb25vbWlhLXNhbnRhcmVtLTExLXNjYWxlZC0yLndlYnAiLCJzbGlkZXNob3ciOiJlZTQwMDkwIn0%3D\">\n\t\t\t\t\t<div class=\"e-gallery-image elementor-gallery-item__image\" data-thumbnail=\"https:\/\/www.visitbenavente.pt\/wp-content\/uploads\/2025\/10\/dia-municipio-benavente-festival-gastronomia-santarem-11-scaled-2-300x166.webp\" data-width=\"300\" data-height=\"166\" aria-label=\"\" role=\"img\" ><\/div>\n\t\t\t\t\t\t\t\t\t\t\t<div class=\"elementor-gallery-item__overlay\"><\/div>\n\t\t\t\t\t\t\t\t\t\t\t\t\t\t<\/a>\n\t\t\t\t\t\t\t<a class=\"e-gallery-item elementor-gallery-item elementor-animated-content\" href=\"https:\/\/www.visitbenavente.pt\/wp-content\/uploads\/2025\/10\/dia-municipio-benavente-festival-gastronomia-santarem-10.jpg\" data-elementor-open-lightbox=\"yes\" data-elementor-lightbox-slideshow=\"ee40090\" data-elementor-lightbox-title=\"dia-municipio-benavente-festival-gastronomia-santarem-10\" data-e-action-hash=\"#elementor-action%3Aaction%3Dlightbox%26settings%3DeyJpZCI6Mjg5NCwidXJsIjoiaHR0cHM6XC9cL3d3dy52aXNpdGJlbmF2ZW50ZS5wdFwvd3AtY29udGVudFwvdXBsb2Fkc1wvMjAyNVwvMTBcL2RpYS1tdW5pY2lwaW8tYmVuYXZlbnRlLWZlc3RpdmFsLWdhc3Ryb25vbWlhLXNhbnRhcmVtLTEwLmpwZyIsInNsaWRlc2hvdyI6ImVlNDAwOTAifQ%3D%3D\">\n\t\t\t\t\t<div class=\"e-gallery-image elementor-gallery-item__image\" data-thumbnail=\"https:\/\/www.visitbenavente.pt\/wp-content\/uploads\/2025\/10\/dia-municipio-benavente-festival-gastronomia-santarem-10-300x186.jpg\" data-width=\"300\" data-height=\"186\" aria-label=\"\" role=\"img\" ><\/div>\n\t\t\t\t\t\t\t\t\t\t\t<div class=\"elementor-gallery-item__overlay\"><\/div>\n\t\t\t\t\t\t\t\t\t\t\t\t\t\t<\/a>\n\t\t\t\t\t\t\t<a class=\"e-gallery-item elementor-gallery-item elementor-animated-content\" href=\"https:\/\/www.visitbenavente.pt\/wp-content\/uploads\/2025\/10\/dia-municipio-benavente-festival-gastronomia-santarem-9-scaled-2.webp\" data-elementor-open-lightbox=\"yes\" data-elementor-lightbox-slideshow=\"ee40090\" data-elementor-lightbox-title=\"dia-municipio-benavente-festival-gastronomia-santarem-9-scaled\" data-e-action-hash=\"#elementor-action%3Aaction%3Dlightbox%26settings%3DeyJpZCI6Mjg5MCwidXJsIjoiaHR0cHM6XC9cL3d3dy52aXNpdGJlbmF2ZW50ZS5wdFwvd3AtY29udGVudFwvdXBsb2Fkc1wvMjAyNVwvMTBcL2RpYS1tdW5pY2lwaW8tYmVuYXZlbnRlLWZlc3RpdmFsLWdhc3Ryb25vbWlhLXNhbnRhcmVtLTktc2NhbGVkLTIud2VicCIsInNsaWRlc2hvdyI6ImVlNDAwOTAifQ%3D%3D\">\n\t\t\t\t\t<div class=\"e-gallery-image elementor-gallery-item__image\" data-thumbnail=\"https:\/\/www.visitbenavente.pt\/wp-content\/uploads\/2025\/10\/dia-municipio-benavente-festival-gastronomia-santarem-9-scaled-2-300x178.webp\" data-width=\"300\" data-height=\"178\" aria-label=\"\" role=\"img\" ><\/div>\n\t\t\t\t\t\t\t\t\t\t\t<div class=\"elementor-gallery-item__overlay\"><\/div>\n\t\t\t\t\t\t\t\t\t\t\t\t\t\t<\/a>\n\t\t\t\t\t\t\t<a class=\"e-gallery-item elementor-gallery-item elementor-animated-content\" href=\"https:\/\/www.visitbenavente.pt\/wp-content\/uploads\/2025\/10\/dia-municipio-benavente-festival-gastronomia-santarem-8-scaled-1.webp\" data-elementor-open-lightbox=\"yes\" data-elementor-lightbox-slideshow=\"ee40090\" data-elementor-lightbox-title=\"dia-municipio-benavente-festival-gastronomia-santarem-8-scaled\" data-e-action-hash=\"#elementor-action%3Aaction%3Dlightbox%26settings%3DeyJpZCI6Mjg4NiwidXJsIjoiaHR0cHM6XC9cL3d3dy52aXNpdGJlbmF2ZW50ZS5wdFwvd3AtY29udGVudFwvdXBsb2Fkc1wvMjAyNVwvMTBcL2RpYS1tdW5pY2lwaW8tYmVuYXZlbnRlLWZlc3RpdmFsLWdhc3Ryb25vbWlhLXNhbnRhcmVtLTgtc2NhbGVkLTEud2VicCIsInNsaWRlc2hvdyI6ImVlNDAwOTAifQ%3D%3D\">\n\t\t\t\t\t<div class=\"e-gallery-image elementor-gallery-item__image\" data-thumbnail=\"https:\/\/www.visitbenavente.pt\/wp-content\/uploads\/2025\/10\/dia-municipio-benavente-festival-gastronomia-santarem-8-scaled-1-300x200.webp\" data-width=\"300\" data-height=\"200\" aria-label=\"\" role=\"img\" ><\/div>\n\t\t\t\t\t\t\t\t\t\t\t<div class=\"elementor-gallery-item__overlay\"><\/div>\n\t\t\t\t\t\t\t\t\t\t\t\t\t\t<\/a>\n\t\t\t\t\t\t\t<a class=\"e-gallery-item elementor-gallery-item elementor-animated-content\" href=\"https:\/\/www.visitbenavente.pt\/wp-content\/uploads\/2025\/10\/dia-municipio-benavente-festival-gastronomia-santarem-7-scaled-1.webp\" data-elementor-open-lightbox=\"yes\" data-elementor-lightbox-slideshow=\"ee40090\" data-elementor-lightbox-title=\"dia-municipio-benavente-festival-gastronomia-santarem-7-scaled\" data-e-action-hash=\"#elementor-action%3Aaction%3Dlightbox%26settings%3DeyJpZCI6Mjg4NCwidXJsIjoiaHR0cHM6XC9cL3d3dy52aXNpdGJlbmF2ZW50ZS5wdFwvd3AtY29udGVudFwvdXBsb2Fkc1wvMjAyNVwvMTBcL2RpYS1tdW5pY2lwaW8tYmVuYXZlbnRlLWZlc3RpdmFsLWdhc3Ryb25vbWlhLXNhbnRhcmVtLTctc2NhbGVkLTEud2VicCIsInNsaWRlc2hvdyI6ImVlNDAwOTAifQ%3D%3D\">\n\t\t\t\t\t<div class=\"e-gallery-image elementor-gallery-item__image\" data-thumbnail=\"https:\/\/www.visitbenavente.pt\/wp-content\/uploads\/2025\/10\/dia-municipio-benavente-festival-gastronomia-santarem-7-scaled-1-300x200.webp\" data-width=\"300\" data-height=\"200\" aria-label=\"\" role=\"img\" ><\/div>\n\t\t\t\t\t\t\t\t\t\t\t<div class=\"elementor-gallery-item__overlay\"><\/div>\n\t\t\t\t\t\t\t\t\t\t\t\t\t\t<\/a>\n\t\t\t\t\t\t\t<a class=\"e-gallery-item elementor-gallery-item elementor-animated-content\" href=\"https:\/\/www.visitbenavente.pt\/wp-content\/uploads\/2025\/10\/dia-municipio-benavente-festival-gastronomia-santarem-1200.webp\" data-elementor-open-lightbox=\"yes\" data-elementor-lightbox-slideshow=\"ee40090\" data-elementor-lightbox-title=\"dia-municipio-benavente-festival-gastronomia-santarem-1200\" data-e-action-hash=\"#elementor-action%3Aaction%3Dlightbox%26settings%3DeyJpZCI6Mjg2NywidXJsIjoiaHR0cHM6XC9cL3d3dy52aXNpdGJlbmF2ZW50ZS5wdFwvd3AtY29udGVudFwvdXBsb2Fkc1wvMjAyNVwvMTBcL2RpYS1tdW5pY2lwaW8tYmVuYXZlbnRlLWZlc3RpdmFsLWdhc3Ryb25vbWlhLXNhbnRhcmVtLTEyMDAud2VicCIsInNsaWRlc2hvdyI6ImVlNDAwOTAifQ%3D%3D\">\n\t\t\t\t\t<div class=\"e-gallery-image elementor-gallery-item__image\" data-thumbnail=\"https:\/\/www.visitbenavente.pt\/wp-content\/uploads\/2025\/10\/dia-municipio-benavente-festival-gastronomia-santarem-1200-300x158.webp\" data-width=\"300\" data-height=\"158\" aria-label=\"\" role=\"img\" ><\/div>\n\t\t\t\t\t\t\t\t\t\t\t<div class=\"elementor-gallery-item__overlay\"><\/div>\n\t\t\t\t\t\t\t\t\t\t\t\t\t\t<\/a>\n\t\t\t\t\t\t\t<a class=\"e-gallery-item elementor-gallery-item elementor-animated-content\" href=\"https:\/\/www.visitbenavente.pt\/wp-content\/uploads\/2025\/10\/dia-municipio-benavente-festival-gastronomia-santarem-2-scaled-2.webp\" data-elementor-open-lightbox=\"yes\" data-elementor-lightbox-slideshow=\"ee40090\" data-elementor-lightbox-title=\"dia-municipio-benavente-festival-gastronomia-santarem-2-scaled\" data-e-action-hash=\"#elementor-action%3Aaction%3Dlightbox%26settings%3DeyJpZCI6Mjg3NCwidXJsIjoiaHR0cHM6XC9cL3d3dy52aXNpdGJlbmF2ZW50ZS5wdFwvd3AtY29udGVudFwvdXBsb2Fkc1wvMjAyNVwvMTBcL2RpYS1tdW5pY2lwaW8tYmVuYXZlbnRlLWZlc3RpdmFsLWdhc3Ryb25vbWlhLXNhbnRhcmVtLTItc2NhbGVkLTIud2VicCIsInNsaWRlc2hvdyI6ImVlNDAwOTAifQ%3D%3D\">\n\t\t\t\t\t<div class=\"e-gallery-image elementor-gallery-item__image\" data-thumbnail=\"https:\/\/www.visitbenavente.pt\/wp-content\/uploads\/2025\/10\/dia-municipio-benavente-festival-gastronomia-santarem-2-scaled-2-300x188.webp\" data-width=\"300\" data-height=\"188\" aria-label=\"\" role=\"img\" ><\/div>\n\t\t\t\t\t\t\t\t\t\t\t<div class=\"elementor-gallery-item__overlay\"><\/div>\n\t\t\t\t\t\t\t\t\t\t\t\t\t\t<\/a>\n\t\t\t\t\t<\/div>\n\t\t\t\t\t<\/div>\n\t\t\t\t<\/div>\n\t\t\t\t\t<\/div>\n\t\t\t\t<\/div>\n\t\t<div class=\"elementor-element elementor-element-80f0626 e-flex e-con-boxed e-con e-parent\" data-id=\"80f0626\" data-element_type=\"container\" data-e-type=\"container\">\n\t\t\t\t\t<div class=\"e-con-inner\">\n\t\t\t\t\t<\/div>\n\t\t\t\t<\/div>\n\t\t\t\t<\/div>\n\t\t","protected":false},"excerpt":{"rendered":"<p>Benavente&#8217;s Municipal Day, celebrated at the National Gastronomy Festival in Santar\u00e9m, was a real success. The participation stood out for its energy, flavor and Ribatejo pride. The moment of live cooking with Chef Eduardo Duarte, who made a delicious rice pudding with carolino from the Ribatejo lez\u00edrias, delighted the audience, combining tradition and gastronomic innovation. [&hellip;]<\/p>\n","protected":false},"author":5,"featured_media":2867,"comment_status":"open","ping_status":"open","sticky":false,"template":"","format":"standard","meta":{"footnotes":""},"categories":[46],"tags":[10,71,49,74,27,52,109,29,69],"class_list":["post-3117","post","type-post","status-publish","format-standard","has-post-thumbnail","hentry","category-news","tag-benavente","tag-lezirias-ribatejanas-rice-festival","tag-municipality-of-benavente","tag-pearl-rice","tag-samora-correia","tag-santarem","tag-santarems-gastronomy-festival","tag-tourism","tag-traditions"],"_links":{"self":[{"href":"https:\/\/www.visitbenavente.pt\/en\/wp-json\/wp\/v2\/posts\/3117","targetHints":{"allow":["GET"]}}],"collection":[{"href":"https:\/\/www.visitbenavente.pt\/en\/wp-json\/wp\/v2\/posts"}],"about":[{"href":"https:\/\/www.visitbenavente.pt\/en\/wp-json\/wp\/v2\/types\/post"}],"author":[{"embeddable":true,"href":"https:\/\/www.visitbenavente.pt\/en\/wp-json\/wp\/v2\/users\/5"}],"replies":[{"embeddable":true,"href":"https:\/\/www.visitbenavente.pt\/en\/wp-json\/wp\/v2\/comments?post=3117"}],"version-history":[{"count":1,"href":"https:\/\/www.visitbenavente.pt\/en\/wp-json\/wp\/v2\/posts\/3117\/revisions"}],"predecessor-version":[{"id":3118,"href":"https:\/\/www.visitbenavente.pt\/en\/wp-json\/wp\/v2\/posts\/3117\/revisions\/3118"}],"wp:featuredmedia":[{"embeddable":true,"href":"https:\/\/www.visitbenavente.pt\/en\/wp-json\/wp\/v2\/media\/2867"}],"wp:attachment":[{"href":"https:\/\/www.visitbenavente.pt\/en\/wp-json\/wp\/v2\/media?parent=3117"}],"wp:term":[{"taxonomy":"category","embeddable":true,"href":"https:\/\/www.visitbenavente.pt\/en\/wp-json\/wp\/v2\/categories?post=3117"},{"taxonomy":"post_tag","embeddable":true,"href":"https:\/\/www.visitbenavente.pt\/en\/wp-json\/wp\/v2\/tags?post=3117"}],"curies":[{"name":"wp","href":"https:\/\/api.w.org\/{rel}","templated":true}]}}